{"id":1518,"date":"2025-01-26T23:53:34","date_gmt":"2025-01-26T22:53:34","guid":{"rendered":"http:\/\/psychiatrie-in-berlin.de\/vpsg\/?p=1518"},"modified":"2025-02-03T00:51:45","modified_gmt":"2025-02-02T23:51:45","slug":"15-berliner-psychiatrisch-religionswissenschaftliches-colloquium-des-vpsg","status":"publish","type":"post","link":"http:\/\/psychiatrie-in-berlin.de\/vpsg\/15-berliner-psychiatrisch-religionswissenschaftliches-colloquium-des-vpsg\/","title":{"rendered":"15. Berliner psychiatrisch-religionswissenschaftliches Colloquium des vpsg"},"content":{"rendered":"\n<p>Unter dem Titel <strong>&#8222;Religion, seelische Gesundheit und Integration nach Migration und Flucht&#8220;<\/strong> fand am 29. November 2024 das mittlerweile 15. psychiatrisch-wissenschaftliche Colloquium des vpsg im Gemeindehaus der Ev. Gemeinde Berlin-Dahlem statt. Fr\u00fchzeitig ausgebucht z\u00e4hlte die Veranstaltung \u00fcber 180 Teilnehmer aus Psychiatrie, Psychotherapie, diversen Religionsbereichen sowie interessierten Patienten und ihren Angeh\u00f6rigen und war damit eine der bestbesuchten Veranstaltungen in der Geschichte des vpsg. Verantwortlich f\u00fcr Organisation und Durchf\u00fchrung war wie bei allen Colloquien der <a href=\"http:\/\/psychiatrie-in-berlin.de\/vpsg\/archiv-2\/\" target=\"_blank\" rel=\"noreferrer noopener\">vergangenen Jahre<\/a> der <strong>\u201eArbeitskreis Religion und Psychiatrie\u201c<\/strong> im Verein f\u00fcr Psychiatrie und seelische Gesundheit. <\/p>\n\n\n\n<p>Der Tagungsort hatte zudem seine besondere Aura &#8211; vor 90 Jahren, im Oktober 1934, fand hier die <a href=\"http:\/\/www.kg-dahlem.de\/fileadmin\/user_upload\/Aktuelles\/Bekenntnissynode_Dahlem_1934.pdf\" target=\"_blank\" rel=\"noreferrer noopener\">2. Bekenntnissynode der Deutschen Evangelischen Kirche<\/a> statt, hier wurden mutige Synodalbeschl\u00fcsse der Bekennenden Kirche gefasst.<\/p>\n\n\n\n<p><strong><a href=\"http:\/\/psychiatrie-in-berlin.de\/vpsg\/wp-content\/uploads\/Einladung-15_Coll_29_11_2024_online_NEU.pdf\" target=\"_blank\" rel=\"noreferrer noopener\">Einladung und Tagungsprogramm<\/a><\/strong><\/p>\n\n\n\n<figure class=\"wp-block-image size-large\"><img loading=\"lazy\" decoding=\"async\" width=\"1024\" height=\"485\" src=\"http:\/\/psychiatrie-in-berlin.de\/vpsg\/wp-content\/uploads\/DSCF0933web-1-1024x485.jpg\" alt=\"\" class=\"wp-image-1573\" srcset=\"http:\/\/psychiatrie-in-berlin.de\/vpsg\/wp-content\/uploads\/DSCF0933web-1-1024x485.jpg 1024w, http:\/\/psychiatrie-in-berlin.de\/vpsg\/wp-content\/uploads\/DSCF0933web-1-300x142.jpg 300w, http:\/\/psychiatrie-in-berlin.de\/vpsg\/wp-content\/uploads\/DSCF0933web-1-768x363.jpg 768w, http:\/\/psychiatrie-in-berlin.de\/vpsg\/wp-content\/uploads\/DSCF0933web-1-1536x727.jpg 1536w, http:\/\/psychiatrie-in-berlin.de\/vpsg\/wp-content\/uploads\/DSCF0933web-1-2048x969.jpg 2048w\" sizes=\"auto, (max-width: 1024px) 100vw, 1024px\" \/><\/figure>\n\n\n\n<p>In den Gru\u00dfworten zum Colloquium von <strong>Dr. Iris Hauth<\/strong> (Vorstandsvorsitzende Gesundheitsstadt Berlin), von <strong>Katharina Niewiedzal<\/strong> (Integrationsbeauftragte des Berliner Senats), von <strong>Frank Schabe<\/strong> (Beauftragter der Bunderegierung f\u00fcr Religions- und Weltanschauungsfreiheit) und von <strong>Dr. Ibrahim R\u00fcschoff<\/strong> (DGPPN-Referat &#8222;Religion und Spiritualit\u00e4t&#8220;)<strong> <\/strong>kam die gro\u00dfe Bedeutung des interreligi\u00f6sen Dialoges, gerade in Verbindung mit Fragen zur seelischen Gesundheit zum Ausdruck.  <\/p>\n\n\n\n<p>Der <strong>1. Teil<\/strong> des Colloqiums beinhaltete die beeindruckenden Vortr\u00e4ge des Religionssoziologen <strong>Prof. Alexander K. Nagel<\/strong>, der engagierten Pfarrerin der gastgebenden Dahlemer Gemeinde <strong>Dr. Cornelia Kulawik<\/strong>, des Imams <strong>Ender Cetin<\/strong> und der Radio-Kommentatorin <strong>Paulina Fr\u00f6hlich<\/strong>.<\/p>\n\n\n\n<p><strong>Hier k\u00f6nnen Sie die Videoaufzeichnung der <\/strong><a href=\"https:\/\/vimeo.com\/1050679585\" target=\"_blank\" rel=\"noreferrer noopener\"><strong>Gru\u00dfworte und des 1. Teils des Colloqiums<\/strong><\/a><strong> ansehen<\/strong>, <strong>die einzelnen Redebeitr\u00e4ge sind in der Legende <\/strong>(&#8222;mehr anzeigen&#8220;)<strong> anw\u00e4hlbar.<\/strong><\/p>\n\n\n\n<p>Im <strong>2. Teil <\/strong>zog das Leitreferat von <strong>Prof. Jan Kizilhan<\/strong> \u00fcber die &#8222;Verarbeitung von Pogrom und Trauma&#8220; die Zuh\u00f6rer regelrecht in Bann. Kizilhan ist selbst Jezide und hat 2017 \u00fcber 700 traumatisierte Jezidinnen in einem Sonderaufnahmeprogramm nach Baden-W\u00fcrttemberg bringen k\u00f6nnen. Die Anteilnahme der Zuh\u00f6rer \u00e4u\u00dferte sich in lang anhaltenden Beifall nach dem Vortrag.<\/p>\n\n\n\n<p>Mit den anschlie\u00dfenden Statements aus j\u00fcdischer und muslimischer Sicht wurde ein sehr besonderer Dialog er\u00f6ffnet, der sicher fortsetzungsbed\u00fcrftig ist. Die Vielfalt der Informationen und Eindr\u00fccke hat wohl die meisten Teilnehmer f\u00fcr das kleine Manko der Veranstaltung entsch\u00e4digt, dass durch die Vielzahl der Referenten insgesamt wenig Zeit zur unmittelbaren Beteiligung des Auditoriums blieb und der Austausch wesentlich auf die Pausengespr\u00e4che und das Abschlu\u00df-Buffet verlegt wurde.<\/p>\n\n\n\n<div class=\"wp-block-group\"><div class=\"wp-block-group__inner-container is-layout-constrained wp-block-group-is-layout-constrained\">\n<div class=\"wp-block-cb-carousel\" data-slick=\"{&quot;slidesToShow&quot;:3,&quot;slidesToScroll&quot;:1,&quot;speed&quot;:300,&quot;arrows&quot;:true,&quot;dots&quot;:true,&quot;autoplay&quot;:false,&quot;autoplaySpeed&quot;:3000,&quot;infinite&quot;:false,&quot;responsive&quot;:[{&quot;breakpoint&quot;:769,&quot;settings&quot;:{&quot;slidesToShow&quot;:1,&quot;slidesToScroll&quot;:1}}]}\">\n<div class=\"wp-block-cb-slide\">\n<figure class=\"wp-block-image size-large is-resized\"><img loading=\"lazy\" decoding=\"async\" width=\"1024\" height=\"768\" src=\"http:\/\/psychiatrie-in-berlin.de\/vpsg\/wp-content\/uploads\/kulawickweb-1024x768.jpg\" alt=\"\" class=\"wp-image-1628\" style=\"width:255px\" srcset=\"http:\/\/psychiatrie-in-berlin.de\/vpsg\/wp-content\/uploads\/kulawickweb-1024x768.jpg 1024w, http:\/\/psychiatrie-in-berlin.de\/vpsg\/wp-content\/uploads\/kulawickweb-300x225.jpg 300w, http:\/\/psychiatrie-in-berlin.de\/vpsg\/wp-content\/uploads\/kulawickweb-768x576.jpg 768w, http:\/\/psychiatrie-in-berlin.de\/vpsg\/wp-content\/uploads\/kulawickweb.jpg 1207w\" sizes=\"auto, (max-width: 1024px) 100vw, 1024px\" \/><figcaption class=\"wp-element-caption\">Dr. Cornelia Kulawik<\/figcaption><\/figure>\n<\/div>\n\n\n\n<div class=\"wp-block-cb-slide\">\n<figure class=\"wp-block-image size-large is-resized\"><img loading=\"lazy\" decoding=\"async\" width=\"1024\" height=\"768\" src=\"http:\/\/psychiatrie-in-berlin.de\/vpsg\/wp-content\/uploads\/DSCF0832web1-1024x768.jpg\" alt=\"\" class=\"wp-image-1608\" style=\"aspect-ratio:4\/3;object-fit:cover;width:255px\" srcset=\"http:\/\/psychiatrie-in-berlin.de\/vpsg\/wp-content\/uploads\/DSCF0832web1-1024x768.jpg 1024w, http:\/\/psychiatrie-in-berlin.de\/vpsg\/wp-content\/uploads\/DSCF0832web1-300x225.jpg 300w, http:\/\/psychiatrie-in-berlin.de\/vpsg\/wp-content\/uploads\/DSCF0832web1-768x576.jpg 768w, http:\/\/psychiatrie-in-berlin.de\/vpsg\/wp-content\/uploads\/DSCF0832web1.jpg 1163w\" sizes=\"auto, (max-width: 1024px) 100vw, 1024px\" \/><figcaption class=\"wp-element-caption\">Dr. Iris Hauth<\/figcaption><\/figure>\n<\/div>\n\n\n\n<div class=\"wp-block-cb-slide\">\n<figure class=\"wp-block-image size-large is-resized\"><img loading=\"lazy\" decoding=\"async\" width=\"1024\" height=\"768\" src=\"http:\/\/psychiatrie-in-berlin.de\/vpsg\/wp-content\/uploads\/DSCF0845web-3-1024x768.jpg\" alt=\"\" class=\"wp-image-1606\" style=\"aspect-ratio:4\/3;object-fit:cover;width:255px\" srcset=\"http:\/\/psychiatrie-in-berlin.de\/vpsg\/wp-content\/uploads\/DSCF0845web-3-1024x768.jpg 1024w, http:\/\/psychiatrie-in-berlin.de\/vpsg\/wp-content\/uploads\/DSCF0845web-3-300x225.jpg 300w, http:\/\/psychiatrie-in-berlin.de\/vpsg\/wp-content\/uploads\/DSCF0845web-3-768x576.jpg 768w, http:\/\/psychiatrie-in-berlin.de\/vpsg\/wp-content\/uploads\/DSCF0845web-3-1536x1152.jpg 1536w, http:\/\/psychiatrie-in-berlin.de\/vpsg\/wp-content\/uploads\/DSCF0845web-3-2048x1536.jpg 2048w\" sizes=\"auto, (max-width: 1024px) 100vw, 1024px\" \/><figcaption class=\"wp-element-caption\">Dr. Ibramin R\u00fcschoff<\/figcaption><\/figure>\n<\/div>\n\n\n\n<div class=\"wp-block-cb-slide\">\n<figure class=\"wp-block-image size-large is-resized\"><img loading=\"lazy\" decoding=\"async\" width=\"1024\" height=\"768\" src=\"http:\/\/psychiatrie-in-berlin.de\/vpsg\/wp-content\/uploads\/DSCF0882qweb-1024x768.jpg\" alt=\"\" class=\"wp-image-1592\" style=\"aspect-ratio:4\/3;object-fit:cover;width:255px\" srcset=\"http:\/\/psychiatrie-in-berlin.de\/vpsg\/wp-content\/uploads\/DSCF0882qweb-1024x768.jpg 1024w, http:\/\/psychiatrie-in-berlin.de\/vpsg\/wp-content\/uploads\/DSCF0882qweb-300x225.jpg 300w, http:\/\/psychiatrie-in-berlin.de\/vpsg\/wp-content\/uploads\/DSCF0882qweb-768x576.jpg 768w, http:\/\/psychiatrie-in-berlin.de\/vpsg\/wp-content\/uploads\/DSCF0882qweb-1536x1152.jpg 1536w, http:\/\/psychiatrie-in-berlin.de\/vpsg\/wp-content\/uploads\/DSCF0882qweb.jpg 1728w\" sizes=\"auto, (max-width: 1024px) 100vw, 1024px\" \/><figcaption class=\"wp-element-caption\">Prof. Jan Kizilhan<\/figcaption><\/figure>\n<\/div>\n\n\n\n<div class=\"wp-block-cb-slide\">\n<figure class=\"wp-block-image size-large is-resized\"><img loading=\"lazy\" decoding=\"async\" width=\"1024\" height=\"768\" src=\"http:\/\/psychiatrie-in-berlin.de\/vpsg\/wp-content\/uploads\/DSCF0935web1-1024x768.jpg\" alt=\"\" class=\"wp-image-1610\" style=\"aspect-ratio:4\/3;object-fit:cover;width:255px\" srcset=\"http:\/\/psychiatrie-in-berlin.de\/vpsg\/wp-content\/uploads\/DSCF0935web1-1024x768.jpg 1024w, http:\/\/psychiatrie-in-berlin.de\/vpsg\/wp-content\/uploads\/DSCF0935web1-300x225.jpg 300w, http:\/\/psychiatrie-in-berlin.de\/vpsg\/wp-content\/uploads\/DSCF0935web1-768x576.jpg 768w, http:\/\/psychiatrie-in-berlin.de\/vpsg\/wp-content\/uploads\/DSCF0935web1-1536x1152.jpg 1536w, http:\/\/psychiatrie-in-berlin.de\/vpsg\/wp-content\/uploads\/DSCF0935web1.jpg 1673w\" sizes=\"auto, (max-width: 1024px) 100vw, 1024px\" \/><figcaption class=\"wp-element-caption\">Blick aufs Podium<\/figcaption><\/figure>\n<\/div>\n\n\n\n<div class=\"wp-block-cb-slide\">\n<figure class=\"wp-block-image size-large is-resized\"><img loading=\"lazy\" decoding=\"async\" width=\"1024\" height=\"731\" src=\"http:\/\/psychiatrie-in-berlin.de\/vpsg\/wp-content\/uploads\/DSCF0955web-2-1024x731.jpg\" alt=\"\" class=\"wp-image-1589\" style=\"aspect-ratio:4\/3;object-fit:cover;width:255px\" srcset=\"http:\/\/psychiatrie-in-berlin.de\/vpsg\/wp-content\/uploads\/DSCF0955web-2-1024x731.jpg 1024w, http:\/\/psychiatrie-in-berlin.de\/vpsg\/wp-content\/uploads\/DSCF0955web-2-300x214.jpg 300w, http:\/\/psychiatrie-in-berlin.de\/vpsg\/wp-content\/uploads\/DSCF0955web-2-768x548.jpg 768w, http:\/\/psychiatrie-in-berlin.de\/vpsg\/wp-content\/uploads\/DSCF0955web-2-1536x1097.jpg 1536w, http:\/\/psychiatrie-in-berlin.de\/vpsg\/wp-content\/uploads\/DSCF0955web-2-2048x1463.jpg 2048w\" sizes=\"auto, (max-width: 1024px) 100vw, 1024px\" \/><figcaption class=\"wp-element-caption\">Beate Gatscha &amp; Ravi Srinivasan<\/figcaption><\/figure>\n<\/div>\n<\/div>\n<\/div><\/div>\n\n\n\n<p>Nicht unerw\u00e4hnt bleiben soll die den Colloquiumsteil abschlie\u00dfende <strong>Musik-Performance<\/strong>, die mit Tabla, Hang, Gesang und Pfeifkunst in die spirituelle Welt des ferneren Osten f\u00fchrte. Sie bildete einen quasi musikalisch \u201eheilenden\u201c Gegensatz zu den vielen Wortbeitr\u00e4gen und fand regelrecht Begeisterung.<\/p>\n\n\n\n<p><strong>Hier k\u00f6nnen Sie die Videoaufzeichnung des <a href=\"https:\/\/vimeo.com\/1050722557\" target=\"_blank\" rel=\"noreferrer noopener\">2. Teils des Colloqiums<\/a> ansehen<\/strong>, <strong>die einzelnen Redebeitr\u00e4ge sind in der Legende <\/strong>(&#8222;mehr anzeigen&#8220;) <strong>anw\u00e4hlbar.<\/strong><\/p>\n\n\n\n<p>Die Lesung von <strong>Navid Kermani<\/strong>, der eine Erinnerung an die verstorbene vpsg-Kollegin und Arbeitskreis Mitbegr\u00fcnderin <strong>Hadice Ayhan<\/strong> vorausging, hatte dann einen ganz eigenen Charakter. Der frisch gek\u00fcrte Thomas-Mann-Preis-Tr\u00e4ger Kermani z\u00e4hlt zu den f\u00fchrenden Intellektuellen Deutschlands; als famili\u00e4r aus dem Iran stammender Moslem steht er vehement f\u00fcr den Ausgleich von Orient und Occident. Die Lesung mit Texten, zuletzt aus Ostafrika, sowie aus vorangegangenen Werken zum Thema des Colloqiums beeindruckten sehr.<\/p>\n\n\n\n<figure class=\"wp-block-image size-large\"><img loading=\"lazy\" decoding=\"async\" width=\"1024\" height=\"414\" src=\"http:\/\/psychiatrie-in-berlin.de\/vpsg\/wp-content\/uploads\/DSCF1011web-3-1024x414.jpg\" alt=\"\" class=\"wp-image-1600\" srcset=\"http:\/\/psychiatrie-in-berlin.de\/vpsg\/wp-content\/uploads\/DSCF1011web-3-1024x414.jpg 1024w, http:\/\/psychiatrie-in-berlin.de\/vpsg\/wp-content\/uploads\/DSCF1011web-3-300x121.jpg 300w, http:\/\/psychiatrie-in-berlin.de\/vpsg\/wp-content\/uploads\/DSCF1011web-3-768x310.jpg 768w, http:\/\/psychiatrie-in-berlin.de\/vpsg\/wp-content\/uploads\/DSCF1011web-3-1536x621.jpg 1536w, http:\/\/psychiatrie-in-berlin.de\/vpsg\/wp-content\/uploads\/DSCF1011web-3.jpg 1918w\" sizes=\"auto, (max-width: 1024px) 100vw, 1024px\" \/><\/figure>\n\n\n\n<p>Die abschlie\u00dfende <strong>Podiumsdiskussion<\/strong> mit<strong> Prof. Andreas Heinz <\/strong>(Direktor Klinik f\u00fcr Psychiatrie und Psychotherapie, Charite Mitte), <strong>Navid Kermani<\/strong> und der Religionswissenschaftlerin <strong>Prof. Susanne G\u00f6dde<\/strong> (FU Berlin), moderiert von <strong>Dr. Norbert M\u00f6nter<\/strong>, f\u00fchrten das Thema der Tagung nochmals auf den Sachverhalt kollektiver und transgenerationaler Traumatisierung und den nachdenklichen Punkt neue Wege zu deren Bearbeitung\/\u00dcberwindung zu suchen.<\/p>\n\n\n\n<p><strong>Eine Videoaufzeichnung der Lesung <\/strong>von Navid Kermani und der abschlie\u00dfenden Podiumsdiskussion finden Sie <strong><a href=\"https:\/\/vimeo.com\/manage\/videos\/1050954140\" target=\"_blank\" rel=\"noreferrer noopener\">hier<\/a>. <\/strong>Aus urheberrechtlichen Gr\u00fcnden ist dieses Video passwortgesch\u00fctzt. Teilnehmende des Colloqiums k\u00f6nnen dieses bei Dr. N. M\u00f6nter (s.u.) erhalten.<\/p>\n\n\n\n<p><em>Anfragen zu Vortragsmanuskripten, nicht alle sind verf\u00fcgbar, bitte per mail: <\/em><a href=\"mailto:dr.moenter@psychiatrie-in-berlin.de\"><em>dr.moenter@psychiatrie-in-berlin.de<\/em><\/a><\/p>\n\n\n\n<p>Dr. N. M\u00f6nter, S. Fr\u00fchauf<\/p>\n\n\n\n<figure class=\"wp-block-gallery has-nested-images columns-default is-cropped wp-block-gallery-1 is-layout-flex wp-block-gallery-is-layout-flex\"><\/figure>\n","protected":false},"excerpt":{"rendered":"<p>Unter dem Titel <b>&#8222;Religion, seelische Gesundheit und Integration nach Migration und Flucht&#8220;<\/b> fand am 29. November 2024 das mittlerweile 15.  psychiatrisch-wissenschaftliche Colloquium des vpsg im Gemeindehaus der Ev. Gemeinde Berlin-Dahlem statt. Fr\u00fchzeitig ausgebucht z\u00e4hlte die Veranstaltung \u00fcber 180 Teilnehmer aus Psychiatrie, Psychotherapie, diversen Religionsbereichen sowie interessierten Patienten und ihren Angeh\u00f6rigen.<\/p>\n","protected":false},"author":2,"featured_media":0,"comment_status":"closed","ping_status":"","sticky":false,"template":"","format":"standard","meta":{"_acf_changed":false,"ngg_post_thumbnail":0,"footnotes":""},"categories":[1,13,14],"tags":[19],"class_list":["post-1518","post","type-post","status-publish","format-standard","hentry","category-allgemein","category-tagungsbericht","category-tagungsdokumentation","tag-aktuell"],"acf":[],"_links":{"self":[{"href":"http:\/\/psychiatrie-in-berlin.de\/vpsg\/wp-json\/wp\/v2\/posts\/1518","targetHints":{"allow":["GET"]}}],"collection":[{"href":"http:\/\/psychiatrie-in-berlin.de\/vpsg\/wp-json\/wp\/v2\/posts"}],"about":[{"href":"http:\/\/psychiatrie-in-berlin.de\/vpsg\/wp-json\/wp\/v2\/types\/post"}],"author":[{"embeddable":true,"href":"http:\/\/psychiatrie-in-berlin.de\/vpsg\/wp-json\/wp\/v2\/users\/2"}],"replies":[{"embeddable":true,"href":"http:\/\/psychiatrie-in-berlin.de\/vpsg\/wp-json\/wp\/v2\/comments?post=1518"}],"version-history":[{"count":45,"href":"http:\/\/psychiatrie-in-berlin.de\/vpsg\/wp-json\/wp\/v2\/posts\/1518\/revisions"}],"predecessor-version":[{"id":1631,"href":"http:\/\/psychiatrie-in-berlin.de\/vpsg\/wp-json\/wp\/v2\/posts\/1518\/revisions\/1631"}],"wp:attachment":[{"href":"http:\/\/psychiatrie-in-berlin.de\/vpsg\/wp-json\/wp\/v2\/media?parent=1518"}],"wp:term":[{"taxonomy":"category","embeddable":true,"href":"http:\/\/psychiatrie-in-berlin.de\/vpsg\/wp-json\/wp\/v2\/categories?post=1518"},{"taxonomy":"post_tag","embeddable":true,"href":"http:\/\/psychiatrie-in-berlin.de\/vpsg\/wp-json\/wp\/v2\/tags?post=1518"}],"curies":[{"name":"wp","href":"https:\/\/api.w.org\/{rel}","templated":true}]}}